{"id":13862,"date":"2023-03-17T10:31:17","date_gmt":"2023-03-17T09:31:17","guid":{"rendered":"https:\/\/www.stockmeier.fr\/stockmeier-group-to-attend-in-cosmetics-fair-barcelona\/"},"modified":"2024-01-09T15:58:17","modified_gmt":"2024-01-09T14:58:17","slug":"stockmeier-group-to-attend-in-cosmetics-fair-barcelona","status":"publish","type":"post","link":"https:\/\/www.stockmeier.fr\/en\/stockmeier-group-to-attend-in-cosmetics-fair-barcelona\/","title":{"rendered":"STOCKMEIER group to attend In Cosmetics Fair, Barcelona"},"content":{"rendered":"\t\t<div data-elementor-type=\"wp-post\" data-elementor-id=\"13862\" class=\"elementor elementor-13862 elementor-9959\" data-elementor-post-type=\"post\">\n\t\t\t\t\t\t<section class=\"elementor-section elementor-top-section elementor-element elementor-element-170733df elementor-section-boxed elementor-section-height-default elementor-section-height-default\" data-id=\"170733df\" data-element_type=\"section\" data-e-type=\"section\">\n\t\t\t\t\t\t<div class=\"elementor-container elementor-column-gap-no\">\n\t\t\t\t\t<div class=\"elementor-column elementor-col-100 elementor-top-column elementor-element elementor-element-78e710bf\" data-id=\"78e710bf\" data-element_type=\"column\" data-e-type=\"column\">\n\t\t\t<div class=\"elementor-widget-wrap elementor-element-populated\">\n\t\t\t\t\t\t<div class=\"elementor-element elementor-element-3e1e1e99 elementor-widget elementor-widget-image\" data-id=\"3e1e1e99\" data-element_type=\"widget\" data-e-type=\"widget\" data-widget_type=\"image.default\">\n\t\t\t\t<div class=\"elementor-widget-container\">\n\t\t\t\t\t\t\t\t\t\t\t\t\t\t\t<img fetchpriority=\"high\" decoding=\"async\" width=\"950\" height=\"500\" src=\"https:\/\/www.stockmeier.fr\/wp-content\/uploads\/2023\/03\/STOCKMEIER-Group-presents-au-salon-InCosmetics-2023-de-Barcelone-950x500.png\" class=\"attachment-Image mise en avant size-Image mise en avant wp-image-12135\" alt=\"\" srcset=\"https:\/\/www.stockmeier.fr\/wp-content\/uploads\/2023\/03\/STOCKMEIER-Group-presents-au-salon-InCosmetics-2023-de-Barcelone-950x500.png 950w, https:\/\/www.stockmeier.fr\/wp-content\/uploads\/2023\/03\/STOCKMEIER-Group-presents-au-salon-InCosmetics-2023-de-Barcelone-300x158.png 300w, https:\/\/www.stockmeier.fr\/wp-content\/uploads\/2023\/03\/STOCKMEIER-Group-presents-au-salon-InCosmetics-2023-de-Barcelone-1024x539.png 1024w, https:\/\/www.stockmeier.fr\/wp-content\/uploads\/2023\/03\/STOCKMEIER-Group-presents-au-salon-InCosmetics-2023-de-Barcelone-768x404.png 768w, https:\/\/www.stockmeier.fr\/wp-content\/uploads\/2023\/03\/STOCKMEIER-Group-presents-au-salon-InCosmetics-2023-de-Barcelone-1536x809.png 1536w, https:\/\/www.stockmeier.fr\/wp-content\/uploads\/2023\/03\/STOCKMEIER-Group-presents-au-salon-InCosmetics-2023-de-Barcelone-380x200.png 380w, https:\/\/www.stockmeier.fr\/wp-content\/uploads\/2023\/03\/STOCKMEIER-Group-presents-au-salon-InCosmetics-2023-de-Barcelone.png 1979w\" sizes=\"(max-width: 950px) 100vw, 950px\" \/>\t\t\t\t\t\t\t\t\t\t\t\t\t\t\t<\/div>\n\t\t\t\t<\/div>\n\t\t\t\t\t<\/div>\n\t\t<\/div>\n\t\t\t\t\t<\/div>\n\t\t<\/section>\n\t\t\t\t<section class=\"elementor-section elementor-top-section elementor-element elementor-element-34b25bfc elementor-section-full_width elementor-section-height-default elementor-section-height-default\" data-id=\"34b25bfc\" data-element_type=\"section\" data-e-type=\"section\">\n\t\t\t\t\t\t<div class=\"elementor-container elementor-column-gap-no\">\n\t\t\t\t\t<div class=\"elementor-column elementor-col-100 elementor-top-column elementor-element elementor-element-5428c21f\" data-id=\"5428c21f\" data-element_type=\"column\" data-e-type=\"column\">\n\t\t\t<div class=\"elementor-widget-wrap elementor-element-populated\">\n\t\t\t\t\t\t<div class=\"elementor-element elementor-element-bc563ec elementor-widget elementor-widget-spacer\" data-id=\"bc563ec\" data-element_type=\"widget\" data-e-type=\"widget\" data-widget_type=\"spacer.default\">\n\t\t\t\t<div class=\"elementor-widget-container\">\n\t\t\t\t\t\t\t<div class=\"elementor-spacer\">\n\t\t\t<div class=\"elementor-spacer-inner\"><\/div>\n\t\t<\/div>\n\t\t\t\t\t\t<\/div>\n\t\t\t\t<\/div>\n\t\t\t\t\t<\/div>\n\t\t<\/div>\n\t\t\t\t\t<\/div>\n\t\t<\/section>\n\t\t\t\t<section class=\"elementor-section elementor-top-section elementor-element elementor-element-5b91d332 elementor-section-boxed elementor-section-height-default elementor-section-height-default\" data-id=\"5b91d332\" data-element_type=\"section\" data-e-type=\"section\">\n\t\t\t\t\t\t<div class=\"elementor-container elementor-column-gap-no\">\n\t\t\t\t\t<div class=\"elementor-column elementor-col-100 elementor-top-column elementor-element elementor-element-6f5e2339\" data-id=\"6f5e2339\" data-element_type=\"column\" data-e-type=\"column\">\n\t\t\t<div class=\"elementor-widget-wrap elementor-element-populated\">\n\t\t\t\t\t\t<div class=\"elementor-element elementor-element-1cec081b elm_categName icon-logo-quaron elementor-widget elementor-widget-text-editor\" data-id=\"1cec081b\" data-element_type=\"widget\" data-e-type=\"widget\" data-widget_type=\"text-editor.default\">\n\t\t\t\t<div class=\"elementor-widget-container\">\n\t\t\t\t\t\t\t\t\t<p>Cosmetic ingredients<\/p>\n\t\t\t\t\t\t\t\t<\/div>\n\t\t\t\t<\/div>\n\t\t\t\t\t<\/div>\n\t\t<\/div>\n\t\t\t\t\t<\/div>\n\t\t<\/section>\n\t\t\t\t<section class=\"elementor-section elementor-top-section elementor-element elementor-element-6fb971db elementor-section-full_width elementor-section-height-default elementor-section-height-default\" data-id=\"6fb971db\" data-element_type=\"section\" data-e-type=\"section\">\n\t\t\t\t\t\t<div class=\"elementor-container elementor-column-gap-no\">\n\t\t\t\t\t<div class=\"elementor-column elementor-col-100 elementor-top-column elementor-element elementor-element-2b667220\" data-id=\"2b667220\" data-element_type=\"column\" data-e-type=\"column\">\n\t\t\t<div class=\"elementor-widget-wrap elementor-element-populated\">\n\t\t\t\t\t\t<div class=\"elementor-element elementor-element-1d5dc0a4 elementor-widget elementor-widget-spacer\" data-id=\"1d5dc0a4\" data-element_type=\"widget\" data-e-type=\"widget\" data-widget_type=\"spacer.default\">\n\t\t\t\t<div class=\"elementor-widget-container\">\n\t\t\t\t\t\t\t<div class=\"elementor-spacer\">\n\t\t\t<div class=\"elementor-spacer-inner\"><\/div>\n\t\t<\/div>\n\t\t\t\t\t\t<\/div>\n\t\t\t\t<\/div>\n\t\t\t\t\t<\/div>\n\t\t<\/div>\n\t\t\t\t\t<\/div>\n\t\t<\/section>\n\t\t\t\t<section class=\"elementor-section elementor-top-section elementor-element elementor-element-3488c297 elementor-section-boxed elementor-section-height-default elementor-section-height-default\" data-id=\"3488c297\" data-element_type=\"section\" data-e-type=\"section\">\n\t\t\t\t\t\t<div class=\"elementor-container elementor-column-gap-no\">\n\t\t\t\t\t<div class=\"elementor-column elementor-col-100 elementor-top-column elementor-element elementor-element-178abfe9\" data-id=\"178abfe9\" data-element_type=\"column\" data-e-type=\"column\">\n\t\t\t<div class=\"elementor-widget-wrap elementor-element-populated\">\n\t\t\t\t\t\t<div class=\"elementor-element elementor-element-3be78ccb h1_like elementor-widget elementor-widget-text-editor\" data-id=\"3be78ccb\" data-element_type=\"widget\" data-e-type=\"widget\" data-widget_type=\"text-editor.default\">\n\t\t\t\t<div class=\"elementor-widget-container\">\n\t\t\t\t\t\t\t\t\t<p>Our Cosmetic Ingredients division will be manning the STOCKMEIER Group booth at the upcoming InCosmetics Fair in Barcelona<\/p>\n\t\t\t\t\t\t\t\t<\/div>\n\t\t\t\t<\/div>\n\t\t\t\t<div class=\"elementor-element elementor-element-6cc5428f elementor-widget elementor-widget-text-editor\" data-id=\"6cc5428f\" data-element_type=\"widget\" data-e-type=\"widget\" data-widget_type=\"text-editor.default\">\n\t\t\t\t<div class=\"elementor-widget-container\">\n\t\t\t\t\t\t\t\t\t<p>We are exhibiting at <strong>In Cosmetics Cosmetics from 28 to 30 March 2023\u00a0with the STOCKMEIER group<\/strong>:<\/p>\n<p>Come and meet us at<strong> Booth R 10. <\/strong><\/p>\n<p>.<\/p>\n<p>We will present our range of bio-based, natural and synthetic ingredients for use in all your formulas, including oleochemistry, surfactants, talcs, solids, etc.<\/p>\n<p>Discover our solid formulas developed by our formulation laboratory at our booth and at the Sensory Bar.<\/p>\n\t\t\t\t\t\t\t\t<\/div>\n\t\t\t\t<\/div>\n\t\t\t\t\t<\/div>\n\t\t<\/div>\n\t\t\t\t\t<\/div>\n\t\t<\/section>\n\t\t\t\t<section class=\"elementor-section elementor-top-section elementor-element elementor-element-b44aee3 elementor-section-full_width elementor-section-height-default elementor-section-height-default\" data-id=\"b44aee3\" data-element_type=\"section\" data-e-type=\"section\">\n\t\t\t\t\t\t<div class=\"elementor-container elementor-column-gap-no\">\n\t\t\t\t\t<div class=\"elementor-column elementor-col-100 elementor-top-column elementor-element elementor-element-7342bd99\" data-id=\"7342bd99\" data-element_type=\"column\" data-e-type=\"column\">\n\t\t\t<div class=\"elementor-widget-wrap elementor-element-populated\">\n\t\t\t\t\t\t<div class=\"elementor-element elementor-element-6b7576a0 elementor-widget elementor-widget-spacer\" data-id=\"6b7576a0\" data-element_type=\"widget\" data-e-type=\"widget\" data-widget_type=\"spacer.default\">\n\t\t\t\t<div class=\"elementor-widget-container\">\n\t\t\t\t\t\t\t<div class=\"elementor-spacer\">\n\t\t\t<div class=\"elementor-spacer-inner\"><\/div>\n\t\t<\/div>\n\t\t\t\t\t\t<\/div>\n\t\t\t\t<\/div>\n\t\t\t\t\t<\/div>\n\t\t<\/div>\n\t\t\t\t\t<\/div>\n\t\t<\/section>\n\t\t\t\t<section class=\"elementor-section elementor-top-section elementor-element elementor-element-4d14ac5a gamme_infoEtDl elementor-section-boxed elementor-section-height-default elementor-section-height-default\" data-id=\"4d14ac5a\" data-element_type=\"section\" data-e-type=\"section\">\n\t\t\t\t\t\t<div class=\"elementor-container elementor-column-gap-no\">\n\t\t\t\t\t<div class=\"elementor-column elementor-col-50 elementor-top-column elementor-element elementor-element-60f59854\" data-id=\"60f59854\" data-element_type=\"column\" data-e-type=\"column\">\n\t\t\t<div class=\"elementor-widget-wrap elementor-element-populated\">\n\t\t\t\t\t\t<div class=\"elementor-element elementor-element-2ba1bcea h1_like elementor-widget elementor-widget-text-editor\" data-id=\"2ba1bcea\" data-element_type=\"widget\" data-e-type=\"widget\" data-widget_type=\"text-editor.default\">\n\t\t\t\t<div class=\"elementor-widget-container\">\n\t\t\t\t\t\t\t\t\t<p>For more information<\/p>\n\t\t\t\t\t\t\t\t<\/div>\n\t\t\t\t<\/div>\n\t\t\t\t<div class=\"elementor-element elementor-element-7f3a1274 elementor-widget elementor-widget-text-editor\" data-id=\"7f3a1274\" data-element_type=\"widget\" data-e-type=\"widget\" data-widget_type=\"text-editor.default\">\n\t\t\t\t<div class=\"elementor-widget-container\">\n\t\t\t\t\t\t\t\t\t<p>STOCKMEIER France are here for you. <\/p>\n<p>Feel free to contact us via the link below, and we will get back to you as soon as possible.<\/p>\n\t\t\t\t\t\t\t\t<\/div>\n\t\t\t\t<\/div>\n\t\t\t\t<div class=\"elementor-element elementor-element-65245854 elm_link elementor-widget elementor-widget-global elementor-global-1202 elementor-widget-button\" data-id=\"65245854\" data-element_type=\"widget\" data-e-type=\"widget\" data-widget_type=\"button.default\">\n\t\t\t\t<div class=\"elementor-widget-container\">\n\t\t\t\t\t\t\t\t\t<div class=\"elementor-button-wrapper\">\n\t\t\t\t\t<a class=\"elementor-button elementor-button-link elementor-size-sm\" href=\"https:\/\/www.stockmeier.fr\/nous-contacter\/\">\n\t\t\t\t\t\t<span class=\"elementor-button-content-wrapper\">\n\t\t\t\t\t\t\t\t\t<span class=\"elementor-button-text\">Cliquez ici<\/span>\n\t\t\t\t\t<\/span>\n\t\t\t\t\t<\/a>\n\t\t\t\t<\/div>\n\t\t\t\t\t\t\t\t<\/div>\n\t\t\t\t<\/div>\n\t\t\t\t\t<\/div>\n\t\t<\/div>\n\t\t\t\t<div class=\"elementor-column elementor-col-50 elementor-top-column elementor-element elementor-element-1956f35e\" data-id=\"1956f35e\" data-element_type=\"column\" data-e-type=\"column\">\n\t\t\t<div class=\"elementor-widget-wrap elementor-element-populated\">\n\t\t\t\t\t\t<div class=\"elementor-element elementor-element-15f5c637 h1_like elementor-widget elementor-widget-text-editor\" data-id=\"15f5c637\" data-element_type=\"widget\" data-e-type=\"widget\" data-widget_type=\"text-editor.default\">\n\t\t\t\t<div class=\"elementor-widget-container\">\n\t\t\t\t\t\t\t\t\t<p>Downloads<\/p>\n\t\t\t\t\t\t\t\t<\/div>\n\t\t\t\t<\/div>\n\t\t\t\t<div class=\"elementor-element elementor-element-441b3d2 h2_like elementor-widget elementor-widget-text-editor\" data-id=\"441b3d2\" data-element_type=\"widget\" data-e-type=\"widget\" data-widget_type=\"text-editor.default\">\n\t\t\t\t<div class=\"elementor-widget-container\">\n\t\t\t\t\t\t\t\t\t<p>Documents available<\/p>\n\t\t\t\t\t\t\t\t<\/div>\n\t\t\t\t<\/div>\n\t\t\t\t<section class=\"elementor-section elementor-inner-section elementor-element elementor-element-30eeeafd gamme_download elementor-section-boxed elementor-section-height-default elementor-section-height-default\" data-id=\"30eeeafd\" data-element_type=\"section\" data-e-type=\"section\">\n\t\t\t\t\t\t<div class=\"elementor-container elementor-column-gap-no\">\n\t\t\t\t\t<div class=\"elementor-column elementor-col-50 elementor-inner-column elementor-element elementor-element-422f5151\" data-id=\"422f5151\" data-element_type=\"column\" data-e-type=\"column\">\n\t\t\t<div class=\"elementor-widget-wrap elementor-element-populated\">\n\t\t\t\t\t\t<div class=\"elementor-element elementor-element-1b0e5e88 elementor-widget elementor-widget-button\" data-id=\"1b0e5e88\" data-element_type=\"widget\" data-e-type=\"widget\" data-widget_type=\"button.default\">\n\t\t\t\t<div class=\"elementor-widget-container\">\n\t\t\t\t\t\t\t\t\t<div class=\"elementor-button-wrapper\">\n\t\t\t\t\t<a class=\"elementor-button elementor-button-link elementor-size-sm\" href=\"https:\/\/www.stockmeier.fr\/wp-content\/uploads\/2022\/12\/CATALOGUE-INGREDIENTS-COSMETIQUES-STOCKMEIER-FRANCE-IR01.pdf\">\n\t\t\t\t\t\t<span class=\"elementor-button-content-wrapper\">\n\t\t\t\t\t\t\t\t\t<span class=\"elementor-button-text\">Food Ingredients Catalogue<\/span>\n\t\t\t\t\t<\/span>\n\t\t\t\t\t<\/a>\n\t\t\t\t<\/div>\n\t\t\t\t\t\t\t\t<\/div>\n\t\t\t\t<\/div>\n\t\t\t\t\t<\/div>\n\t\t<\/div>\n\t\t\t\t<div class=\"elementor-column elementor-col-50 elementor-inner-column elementor-element elementor-element-4194e6af\" data-id=\"4194e6af\" data-element_type=\"column\" data-e-type=\"column\">\n\t\t\t<div class=\"elementor-widget-wrap\">\n\t\t\t\t\t\t\t<\/div>\n\t\t<\/div>\n\t\t\t\t\t<\/div>\n\t\t<\/section>\n\t\t\t\t\t<\/div>\n\t\t<\/div>\n\t\t\t\t\t<\/div>\n\t\t<\/section>\n\t\t\t\t<\/div>\n\t\t","protected":false},"excerpt":{"rendered":"<p>Cosmetic ingredients Our Cosmetic Ingredients division will be manning the STOCKMEIER Group booth at the upcoming InCosmetics Fair in Barcelona We are exhibiting at In Cosmetics Cosmetics from 28 to 30 March 2023\u00a0with the STOCKMEIER group: Come and meet us at Booth R 10. . We will present our range of bio-based, natural and synthetic [&hellip;]<\/p>\n","protected":false},"author":3,"featured_media":12135,"comment_status":"open","ping_status":"open","sticky":false,"template":"","format":"standard","meta":{"_acf_changed":false,"inline_featured_image":false,"footnotes":""},"categories":[80],"tags":[],"class_list":["post-13862","post","type-post","status-publish","format-standard","has-post-thumbnail","hentry","category-cosmetic-ingredients"],"acf":[],"yoast_head":"<!-- This site is optimized with the Yoast SEO plugin v27.3 - https:\/\/yoast.com\/product\/yoast-seo-wordpress\/ -->\n<title>STOCKMEIER group to attend In Cosmetics Fair, Barcelona - STOCKMEIER France<\/title>\n<meta name=\"robots\" content=\"index, follow, max-snippet:-1, max-image-preview:large, max-video-preview:-1\" \/>\n<link rel=\"canonical\" href=\"https:\/\/www.stockmeier.fr\/en\/stockmeier-group-to-attend-in-cosmetics-fair-barcelona\/\" \/>\n<meta property=\"og:locale\" content=\"en_US\" \/>\n<meta property=\"og:type\" content=\"article\" \/>\n<meta property=\"og:title\" content=\"STOCKMEIER group to attend In Cosmetics Fair, Barcelona - STOCKMEIER France\" \/>\n<meta property=\"og:description\" content=\"Cosmetic ingredients Our Cosmetic Ingredients division will be manning the STOCKMEIER Group booth at the upcoming InCosmetics Fair in Barcelona We are exhibiting at In Cosmetics Cosmetics from 28 to 30 March 2023\u00a0with the STOCKMEIER group: Come and meet us at Booth R 10. . We will present our range of bio-based, natural and synthetic [&hellip;]\" \/>\n<meta property=\"og:url\" content=\"https:\/\/www.stockmeier.fr\/en\/stockmeier-group-to-attend-in-cosmetics-fair-barcelona\/\" \/>\n<meta property=\"og:site_name\" content=\"STOCKMEIER France\" \/>\n<meta property=\"article:publisher\" content=\"https:\/\/www.facebook.com\/STOCKMEIERGruppe\/\" \/>\n<meta property=\"article:published_time\" content=\"2023-03-17T09:31:17+00:00\" \/>\n<meta property=\"article:modified_time\" content=\"2024-01-09T14:58:17+00:00\" \/>\n<meta property=\"og:image\" content=\"https:\/\/www.stockmeier.fr\/wp-content\/uploads\/2023\/03\/STOCKMEIER-Group-presents-au-salon-InCosmetics-2023-de-Barcelone.png\" \/>\n\t<meta property=\"og:image:width\" content=\"1979\" \/>\n\t<meta property=\"og:image:height\" content=\"1042\" \/>\n\t<meta property=\"og:image:type\" content=\"image\/png\" \/>\n<meta name=\"author\" content=\"Julien Anfray\" \/>\n<meta name=\"twitter:card\" content=\"summary_large_image\" \/>\n<meta name=\"twitter:label1\" content=\"Written by\" \/>\n\t<meta name=\"twitter:data1\" content=\"Julien Anfray\" \/>\n\t<meta name=\"twitter:label2\" content=\"Est. reading time\" \/>\n\t<meta name=\"twitter:data2\" content=\"1 minute\" \/>\n<script type=\"application\/ld+json\" class=\"yoast-schema-graph\">{\"@context\":\"https:\\\/\\\/schema.org\",\"@graph\":[{\"@type\":\"Article\",\"@id\":\"https:\\\/\\\/www.stockmeier.fr\\\/en\\\/stockmeier-group-to-attend-in-cosmetics-fair-barcelona\\\/#article\",\"isPartOf\":{\"@id\":\"https:\\\/\\\/www.stockmeier.fr\\\/en\\\/stockmeier-group-to-attend-in-cosmetics-fair-barcelona\\\/\"},\"author\":{\"name\":\"Julien Anfray\",\"@id\":\"https:\\\/\\\/www.stockmeier.fr\\\/en\\\/#\\\/schema\\\/person\\\/b6d9c79c151578caa9b535c2fe7eb8b3\"},\"headline\":\"STOCKMEIER group to attend In Cosmetics Fair, Barcelona\",\"datePublished\":\"2023-03-17T09:31:17+00:00\",\"dateModified\":\"2024-01-09T14:58:17+00:00\",\"mainEntityOfPage\":{\"@id\":\"https:\\\/\\\/www.stockmeier.fr\\\/en\\\/stockmeier-group-to-attend-in-cosmetics-fair-barcelona\\\/\"},\"wordCount\":126,\"commentCount\":0,\"publisher\":{\"@id\":\"https:\\\/\\\/www.stockmeier.fr\\\/en\\\/#organization\"},\"image\":{\"@id\":\"https:\\\/\\\/www.stockmeier.fr\\\/en\\\/stockmeier-group-to-attend-in-cosmetics-fair-barcelona\\\/#primaryimage\"},\"thumbnailUrl\":\"https:\\\/\\\/www.stockmeier.fr\\\/wp-content\\\/uploads\\\/2023\\\/03\\\/STOCKMEIER-Group-presents-au-salon-InCosmetics-2023-de-Barcelone.png\",\"articleSection\":[\"Cosmetic ingredients\"],\"inLanguage\":\"en-US\",\"potentialAction\":[{\"@type\":\"CommentAction\",\"name\":\"Comment\",\"target\":[\"https:\\\/\\\/www.stockmeier.fr\\\/en\\\/stockmeier-group-to-attend-in-cosmetics-fair-barcelona\\\/#respond\"]}]},{\"@type\":\"WebPage\",\"@id\":\"https:\\\/\\\/www.stockmeier.fr\\\/en\\\/stockmeier-group-to-attend-in-cosmetics-fair-barcelona\\\/\",\"url\":\"https:\\\/\\\/www.stockmeier.fr\\\/en\\\/stockmeier-group-to-attend-in-cosmetics-fair-barcelona\\\/\",\"name\":\"STOCKMEIER group to attend In Cosmetics Fair, Barcelona - STOCKMEIER France\",\"isPartOf\":{\"@id\":\"https:\\\/\\\/www.stockmeier.fr\\\/en\\\/#website\"},\"primaryImageOfPage\":{\"@id\":\"https:\\\/\\\/www.stockmeier.fr\\\/en\\\/stockmeier-group-to-attend-in-cosmetics-fair-barcelona\\\/#primaryimage\"},\"image\":{\"@id\":\"https:\\\/\\\/www.stockmeier.fr\\\/en\\\/stockmeier-group-to-attend-in-cosmetics-fair-barcelona\\\/#primaryimage\"},\"thumbnailUrl\":\"https:\\\/\\\/www.stockmeier.fr\\\/wp-content\\\/uploads\\\/2023\\\/03\\\/STOCKMEIER-Group-presents-au-salon-InCosmetics-2023-de-Barcelone.png\",\"datePublished\":\"2023-03-17T09:31:17+00:00\",\"dateModified\":\"2024-01-09T14:58:17+00:00\",\"breadcrumb\":{\"@id\":\"https:\\\/\\\/www.stockmeier.fr\\\/en\\\/stockmeier-group-to-attend-in-cosmetics-fair-barcelona\\\/#breadcrumb\"},\"inLanguage\":\"en-US\",\"potentialAction\":[{\"@type\":\"ReadAction\",\"target\":[\"https:\\\/\\\/www.stockmeier.fr\\\/en\\\/stockmeier-group-to-attend-in-cosmetics-fair-barcelona\\\/\"]}]},{\"@type\":\"ImageObject\",\"inLanguage\":\"en-US\",\"@id\":\"https:\\\/\\\/www.stockmeier.fr\\\/en\\\/stockmeier-group-to-attend-in-cosmetics-fair-barcelona\\\/#primaryimage\",\"url\":\"https:\\\/\\\/www.stockmeier.fr\\\/wp-content\\\/uploads\\\/2023\\\/03\\\/STOCKMEIER-Group-presents-au-salon-InCosmetics-2023-de-Barcelone.png\",\"contentUrl\":\"https:\\\/\\\/www.stockmeier.fr\\\/wp-content\\\/uploads\\\/2023\\\/03\\\/STOCKMEIER-Group-presents-au-salon-InCosmetics-2023-de-Barcelone.png\",\"width\":1979,\"height\":1042},{\"@type\":\"BreadcrumbList\",\"@id\":\"https:\\\/\\\/www.stockmeier.fr\\\/en\\\/stockmeier-group-to-attend-in-cosmetics-fair-barcelona\\\/#breadcrumb\",\"itemListElement\":[{\"@type\":\"ListItem\",\"position\":1,\"name\":\"Stockmeier France\",\"item\":\"https:\\\/\\\/www.stockmeier.fr\\\/en\\\/homepage\\\/\"},{\"@type\":\"ListItem\",\"position\":2,\"name\":\"STOCKMEIER group to attend In Cosmetics Fair, Barcelona\"}]},{\"@type\":\"WebSite\",\"@id\":\"https:\\\/\\\/www.stockmeier.fr\\\/en\\\/#website\",\"url\":\"https:\\\/\\\/www.stockmeier.fr\\\/en\\\/\",\"name\":\"STOCKMEIER France\",\"description\":\"le groupe Stockmeier est une soci\u00e9t\u00e9 de distribution de commodit\u00e9s et de sp\u00e9cialit\u00e9s chimiques au capital 100% familial\",\"publisher\":{\"@id\":\"https:\\\/\\\/www.stockmeier.fr\\\/en\\\/#organization\"},\"potentialAction\":[{\"@type\":\"SearchAction\",\"target\":{\"@type\":\"EntryPoint\",\"urlTemplate\":\"https:\\\/\\\/www.stockmeier.fr\\\/en\\\/?s={search_term_string}\"},\"query-input\":{\"@type\":\"PropertyValueSpecification\",\"valueRequired\":true,\"valueName\":\"search_term_string\"}}],\"inLanguage\":\"en-US\"},{\"@type\":\"Organization\",\"@id\":\"https:\\\/\\\/www.stockmeier.fr\\\/en\\\/#organization\",\"name\":\"STOCKMEIER France\",\"url\":\"https:\\\/\\\/www.stockmeier.fr\\\/en\\\/\",\"logo\":{\"@type\":\"ImageObject\",\"inLanguage\":\"en-US\",\"@id\":\"https:\\\/\\\/www.stockmeier.fr\\\/en\\\/#\\\/schema\\\/logo\\\/image\\\/\",\"url\":\"https:\\\/\\\/www.stockmeier.fr\\\/wp-content\\\/uploads\\\/2022\\\/12\\\/STOCKMEIER_France.png\",\"contentUrl\":\"https:\\\/\\\/www.stockmeier.fr\\\/wp-content\\\/uploads\\\/2022\\\/12\\\/STOCKMEIER_France.png\",\"width\":4725,\"height\":2646,\"caption\":\"STOCKMEIER France\"},\"image\":{\"@id\":\"https:\\\/\\\/www.stockmeier.fr\\\/en\\\/#\\\/schema\\\/logo\\\/image\\\/\"},\"sameAs\":[\"https:\\\/\\\/www.facebook.com\\\/STOCKMEIERGruppe\\\/\"]},{\"@type\":\"Person\",\"@id\":\"https:\\\/\\\/www.stockmeier.fr\\\/en\\\/#\\\/schema\\\/person\\\/b6d9c79c151578caa9b535c2fe7eb8b3\",\"name\":\"Julien Anfray\",\"image\":{\"@type\":\"ImageObject\",\"inLanguage\":\"en-US\",\"@id\":\"https:\\\/\\\/secure.gravatar.com\\\/avatar\\\/4eea2efe330df3e5d9ab9f8cd732bf2294b2bdd8c50d3ab8e4cdabf3342fc600?s=96&d=mm&r=g\",\"url\":\"https:\\\/\\\/secure.gravatar.com\\\/avatar\\\/4eea2efe330df3e5d9ab9f8cd732bf2294b2bdd8c50d3ab8e4cdabf3342fc600?s=96&d=mm&r=g\",\"contentUrl\":\"https:\\\/\\\/secure.gravatar.com\\\/avatar\\\/4eea2efe330df3e5d9ab9f8cd732bf2294b2bdd8c50d3ab8e4cdabf3342fc600?s=96&d=mm&r=g\",\"caption\":\"Julien Anfray\"},\"url\":\"https:\\\/\\\/www.stockmeier.fr\\\/en\\\/author\\\/admin_stockmeier\\\/\"}]}<\/script>\n<!-- \/ Yoast SEO plugin. -->","yoast_head_json":{"title":"STOCKMEIER group to attend In Cosmetics Fair, Barcelona - STOCKMEIER France","robots":{"index":"index","follow":"follow","max-snippet":"max-snippet:-1","max-image-preview":"max-image-preview:large","max-video-preview":"max-video-preview:-1"},"canonical":"https:\/\/www.stockmeier.fr\/en\/stockmeier-group-to-attend-in-cosmetics-fair-barcelona\/","og_locale":"en_US","og_type":"article","og_title":"STOCKMEIER group to attend In Cosmetics Fair, Barcelona - STOCKMEIER France","og_description":"Cosmetic ingredients Our Cosmetic Ingredients division will be manning the STOCKMEIER Group booth at the upcoming InCosmetics Fair in Barcelona We are exhibiting at In Cosmetics Cosmetics from 28 to 30 March 2023\u00a0with the STOCKMEIER group: Come and meet us at Booth R 10. . We will present our range of bio-based, natural and synthetic [&hellip;]","og_url":"https:\/\/www.stockmeier.fr\/en\/stockmeier-group-to-attend-in-cosmetics-fair-barcelona\/","og_site_name":"STOCKMEIER France","article_publisher":"https:\/\/www.facebook.com\/STOCKMEIERGruppe\/","article_published_time":"2023-03-17T09:31:17+00:00","article_modified_time":"2024-01-09T14:58:17+00:00","og_image":[{"width":1979,"height":1042,"url":"https:\/\/www.stockmeier.fr\/wp-content\/uploads\/2023\/03\/STOCKMEIER-Group-presents-au-salon-InCosmetics-2023-de-Barcelone.png","type":"image\/png"}],"author":"Julien Anfray","twitter_card":"summary_large_image","twitter_misc":{"Written by":"Julien Anfray","Est. reading time":"1 minute"},"schema":{"@context":"https:\/\/schema.org","@graph":[{"@type":"Article","@id":"https:\/\/www.stockmeier.fr\/en\/stockmeier-group-to-attend-in-cosmetics-fair-barcelona\/#article","isPartOf":{"@id":"https:\/\/www.stockmeier.fr\/en\/stockmeier-group-to-attend-in-cosmetics-fair-barcelona\/"},"author":{"name":"Julien Anfray","@id":"https:\/\/www.stockmeier.fr\/en\/#\/schema\/person\/b6d9c79c151578caa9b535c2fe7eb8b3"},"headline":"STOCKMEIER group to attend In Cosmetics Fair, Barcelona","datePublished":"2023-03-17T09:31:17+00:00","dateModified":"2024-01-09T14:58:17+00:00","mainEntityOfPage":{"@id":"https:\/\/www.stockmeier.fr\/en\/stockmeier-group-to-attend-in-cosmetics-fair-barcelona\/"},"wordCount":126,"commentCount":0,"publisher":{"@id":"https:\/\/www.stockmeier.fr\/en\/#organization"},"image":{"@id":"https:\/\/www.stockmeier.fr\/en\/stockmeier-group-to-attend-in-cosmetics-fair-barcelona\/#primaryimage"},"thumbnailUrl":"https:\/\/www.stockmeier.fr\/wp-content\/uploads\/2023\/03\/STOCKMEIER-Group-presents-au-salon-InCosmetics-2023-de-Barcelone.png","articleSection":["Cosmetic ingredients"],"inLanguage":"en-US","potentialAction":[{"@type":"CommentAction","name":"Comment","target":["https:\/\/www.stockmeier.fr\/en\/stockmeier-group-to-attend-in-cosmetics-fair-barcelona\/#respond"]}]},{"@type":"WebPage","@id":"https:\/\/www.stockmeier.fr\/en\/stockmeier-group-to-attend-in-cosmetics-fair-barcelona\/","url":"https:\/\/www.stockmeier.fr\/en\/stockmeier-group-to-attend-in-cosmetics-fair-barcelona\/","name":"STOCKMEIER group to attend In Cosmetics Fair, Barcelona - STOCKMEIER France","isPartOf":{"@id":"https:\/\/www.stockmeier.fr\/en\/#website"},"primaryImageOfPage":{"@id":"https:\/\/www.stockmeier.fr\/en\/stockmeier-group-to-attend-in-cosmetics-fair-barcelona\/#primaryimage"},"image":{"@id":"https:\/\/www.stockmeier.fr\/en\/stockmeier-group-to-attend-in-cosmetics-fair-barcelona\/#primaryimage"},"thumbnailUrl":"https:\/\/www.stockmeier.fr\/wp-content\/uploads\/2023\/03\/STOCKMEIER-Group-presents-au-salon-InCosmetics-2023-de-Barcelone.png","datePublished":"2023-03-17T09:31:17+00:00","dateModified":"2024-01-09T14:58:17+00:00","breadcrumb":{"@id":"https:\/\/www.stockmeier.fr\/en\/stockmeier-group-to-attend-in-cosmetics-fair-barcelona\/#breadcrumb"},"inLanguage":"en-US","potentialAction":[{"@type":"ReadAction","target":["https:\/\/www.stockmeier.fr\/en\/stockmeier-group-to-attend-in-cosmetics-fair-barcelona\/"]}]},{"@type":"ImageObject","inLanguage":"en-US","@id":"https:\/\/www.stockmeier.fr\/en\/stockmeier-group-to-attend-in-cosmetics-fair-barcelona\/#primaryimage","url":"https:\/\/www.stockmeier.fr\/wp-content\/uploads\/2023\/03\/STOCKMEIER-Group-presents-au-salon-InCosmetics-2023-de-Barcelone.png","contentUrl":"https:\/\/www.stockmeier.fr\/wp-content\/uploads\/2023\/03\/STOCKMEIER-Group-presents-au-salon-InCosmetics-2023-de-Barcelone.png","width":1979,"height":1042},{"@type":"BreadcrumbList","@id":"https:\/\/www.stockmeier.fr\/en\/stockmeier-group-to-attend-in-cosmetics-fair-barcelona\/#breadcrumb","itemListElement":[{"@type":"ListItem","position":1,"name":"Stockmeier France","item":"https:\/\/www.stockmeier.fr\/en\/homepage\/"},{"@type":"ListItem","position":2,"name":"STOCKMEIER group to attend In Cosmetics Fair, Barcelona"}]},{"@type":"WebSite","@id":"https:\/\/www.stockmeier.fr\/en\/#website","url":"https:\/\/www.stockmeier.fr\/en\/","name":"STOCKMEIER France","description":"le groupe Stockmeier est une soci\u00e9t\u00e9 de distribution de commodit\u00e9s et de sp\u00e9cialit\u00e9s chimiques au capital 100% familial","publisher":{"@id":"https:\/\/www.stockmeier.fr\/en\/#organization"},"potentialAction":[{"@type":"SearchAction","target":{"@type":"EntryPoint","urlTemplate":"https:\/\/www.stockmeier.fr\/en\/?s={search_term_string}"},"query-input":{"@type":"PropertyValueSpecification","valueRequired":true,"valueName":"search_term_string"}}],"inLanguage":"en-US"},{"@type":"Organization","@id":"https:\/\/www.stockmeier.fr\/en\/#organization","name":"STOCKMEIER France","url":"https:\/\/www.stockmeier.fr\/en\/","logo":{"@type":"ImageObject","inLanguage":"en-US","@id":"https:\/\/www.stockmeier.fr\/en\/#\/schema\/logo\/image\/","url":"https:\/\/www.stockmeier.fr\/wp-content\/uploads\/2022\/12\/STOCKMEIER_France.png","contentUrl":"https:\/\/www.stockmeier.fr\/wp-content\/uploads\/2022\/12\/STOCKMEIER_France.png","width":4725,"height":2646,"caption":"STOCKMEIER France"},"image":{"@id":"https:\/\/www.stockmeier.fr\/en\/#\/schema\/logo\/image\/"},"sameAs":["https:\/\/www.facebook.com\/STOCKMEIERGruppe\/"]},{"@type":"Person","@id":"https:\/\/www.stockmeier.fr\/en\/#\/schema\/person\/b6d9c79c151578caa9b535c2fe7eb8b3","name":"Julien Anfray","image":{"@type":"ImageObject","inLanguage":"en-US","@id":"https:\/\/secure.gravatar.com\/avatar\/4eea2efe330df3e5d9ab9f8cd732bf2294b2bdd8c50d3ab8e4cdabf3342fc600?s=96&d=mm&r=g","url":"https:\/\/secure.gravatar.com\/avatar\/4eea2efe330df3e5d9ab9f8cd732bf2294b2bdd8c50d3ab8e4cdabf3342fc600?s=96&d=mm&r=g","contentUrl":"https:\/\/secure.gravatar.com\/avatar\/4eea2efe330df3e5d9ab9f8cd732bf2294b2bdd8c50d3ab8e4cdabf3342fc600?s=96&d=mm&r=g","caption":"Julien Anfray"},"url":"https:\/\/www.stockmeier.fr\/en\/author\/admin_stockmeier\/"}]}},"_links":{"self":[{"href":"https:\/\/www.stockmeier.fr\/en\/wp-json\/wp\/v2\/posts\/13862","targetHints":{"allow":["GET"]}}],"collection":[{"href":"https:\/\/www.stockmeier.fr\/en\/wp-json\/wp\/v2\/posts"}],"about":[{"href":"https:\/\/www.stockmeier.fr\/en\/wp-json\/wp\/v2\/types\/post"}],"author":[{"embeddable":true,"href":"https:\/\/www.stockmeier.fr\/en\/wp-json\/wp\/v2\/users\/3"}],"replies":[{"embeddable":true,"href":"https:\/\/www.stockmeier.fr\/en\/wp-json\/wp\/v2\/comments?post=13862"}],"version-history":[{"count":3,"href":"https:\/\/www.stockmeier.fr\/en\/wp-json\/wp\/v2\/posts\/13862\/revisions"}],"predecessor-version":[{"id":13885,"href":"https:\/\/www.stockmeier.fr\/en\/wp-json\/wp\/v2\/posts\/13862\/revisions\/13885"}],"wp:featuredmedia":[{"embeddable":true,"href":"https:\/\/www.stockmeier.fr\/en\/wp-json\/wp\/v2\/media\/12135"}],"wp:attachment":[{"href":"https:\/\/www.stockmeier.fr\/en\/wp-json\/wp\/v2\/media?parent=13862"}],"wp:term":[{"taxonomy":"category","embeddable":true,"href":"https:\/\/www.stockmeier.fr\/en\/wp-json\/wp\/v2\/categories?post=13862"},{"taxonomy":"post_tag","embeddable":true,"href":"https:\/\/www.stockmeier.fr\/en\/wp-json\/wp\/v2\/tags?post=13862"}],"curies":[{"name":"wp","href":"https:\/\/api.w.org\/{rel}","templated":true}]}}